{"id":13642,"date":"2022-04-06T00:00:00","date_gmt":"2022-04-05T22:00:00","guid":{"rendered":"https:\/\/www.teldat.com\/sin-categorizar\/13642\/teldat-group-en-netzwoche\/"},"modified":"2022-12-22T14:20:11","modified_gmt":"2022-12-22T12:20:11","slug":"teldat-group-en-netzwoche","status":"publish","type":"post","link":"https:\/\/teldatnwp-dev.azurewebsites.net\/es\/blog\/teldat-group-en-netzwoche\/","title":{"rendered":"Teldat Group en Netzwoche"},"content":{"rendered":"<p>[et_pb_section fb_built=\u00bb1&#8243; _builder_version=\u00bb4.17.3&#8243; _module_preset=\u00bbdefault\u00bb custom_padding=\u00bb3px||33px|||\u00bb da_disable_devices=\u00bboff|off|off\u00bb locked=\u00bboff\u00bb global_colors_info=\u00bb{}\u00bb theme_builder_area=\u00bbpost_content\u00bb da_is_popup=\u00bboff\u00bb da_exit_intent=\u00bboff\u00bb da_has_close=\u00bbon\u00bb da_alt_close=\u00bboff\u00bb da_dark_close=\u00bboff\u00bb da_not_modal=\u00bbon\u00bb da_is_singular=\u00bboff\u00bb da_with_loader=\u00bboff\u00bb da_has_shadow=\u00bbon\u00bb][et_pb_row _builder_version=\u00bb4.17.3&#8243; _module_preset=\u00bbdefault\u00bb custom_margin=\u00bb23px||||false|false\u00bb custom_padding=\u00bb0px|||||\u00bb locked=\u00bboff\u00bb global_colors_info=\u00bb{}\u00bb theme_builder_area=\u00bbpost_content\u00bb][et_pb_column type=\u00bb4_4&#8243; _builder_version=\u00bb4.17.3&#8243; _module_preset=\u00bbdefault\u00bb global_colors_info=\u00bb{}\u00bb theme_builder_area=\u00bbpost_content\u00bb][et_pb_image src=\u00bbhttps:\/\/www.teldat.com\/wp-content\/uploads\/2022\/06\/Kopie_von_Peleato_Sergio_Bintec-Elmeg_2022_resize.jpg\u00bb alt=\u00bbborrar\u00bb title_text=\u00bbKopie_von_Peleato_Sergio_Bintec-Elmeg_2022.jpg\u00bb align_tablet=\u00bb\u00bb align_phone=\u00bbcenter\u00bb align_last_edited=\u00bbon|phone\u00bb admin_label=\u00bbImagen\u00bb _builder_version=\u00bb4.17.3&#8243; _module_preset=\u00bbdefault\u00bb width=\u00bb42%\u00bb width_tablet=\u00bb45%\u00bb width_phone=\u00bb100%\u00bb width_last_edited=\u00bbon|phone\u00bb custom_margin=\u00bb|-164px|28px||false|false\u00bb custom_margin_tablet=\u00bb|-39px|50px|46px|false|false\u00bb custom_margin_phone=\u00bb||50px|0px|false|false\u00bb custom_margin_last_edited=\u00bbon|desktop\u00bb custom_css_main_element=\u00bbfloat:left;\u00bb global_colors_info=\u00bb{}\u00bb theme_builder_area=\u00bbpost_content\u00bb][\/et_pb_image][et_pb_text _builder_version=\u00bb4.17.3&#8243; _module_preset=\u00bbdefault\u00bb text_font=\u00bb|300|||||||\u00bb width_tablet=\u00bb\u00bb width_phone=\u00bb100%\u00bb width_last_edited=\u00bbon|phone\u00bb max_width_tablet=\u00bb\u00bb max_width_phone=\u00bb100%\u00bb max_width_last_edited=\u00bbon|phone\u00bb custom_margin=\u00bb||0px||false|false\u00bb custom_margin_tablet=\u00bb|30px|0px|44px|false|false\u00bb custom_margin_phone=\u00bb|213px||74px|false|false\u00bb custom_margin_last_edited=\u00bbon|tablet\u00bb custom_padding=\u00bb0px||||false|false\u00bb custom_padding_tablet=\u00bb0px||||false|false\u00bb custom_padding_phone=\u00bb0px|156px|||false|false\u00bb custom_padding_last_edited=\u00bbon|phone\u00bb global_colors_info=\u00bb{}\u00bb theme_builder_area=\u00bbpost_content\u00bb]<\/p>\n<p class=\"bodytext\">El grupo Teldat aparece en el medio alem\u00e1n Netzwoche con el art\u00edculo <i>\u201cEdge Compuuting: seguridad de \u00faltima generaci\u00f3n contra los ataques de d\u00eda cero\u201d <\/i>escrito por Sergio Peleato, Teldat Chief Business Officer (Cloud).<br \/>\nEn este art\u00edculo se comparan el enfoque tradicional de detecci\u00f3n de amenazas y ataques con los nuevos enfoques de Inteligencia Artificial, que buscan modelos de detecci\u00f3n temprana que se ejecutan en el per\u00edmetro de la red para prevenir ataques y vulnerabilidades desconocidas.<br \/>\nPod\u00e9is leer el art\u00edculo completo haciendo <a href=\"&quot;https:\/\/www.netzwoche.ch\/news\/2022-03-28\/edge-computing-modernste-sicherheit-gegen-zero-day-angriffe\"><b>click aqu\u00ed.<\/b><\/a><\/p>\n<p>[\/et_pb_text][\/et_pb_column][\/et_pb_row][\/et_pb_section]<\/p>\n","protected":false},"excerpt":{"rendered":"<p>Sergio Peleato, Teldat Chief Business Officer (Cloud) aparece en el medio alem\u00e1n como autor del art\u00edculo \u201cEdge Compuuting: seguridad de \u00faltima generaci\u00f3n contra los ataques de d\u00eda cero\u201d.<\/p>\n","protected":false},"author":113,"featured_media":46281,"comment_status":"closed","ping_status":"closed","sticky":false,"template":"","format":"standard","meta":{"_acf_changed":false,"_et_pb_use_builder":"","_et_pb_old_content":"","_et_gb_content_width":"","footnotes":""},"categories":[313],"tags":[],"class_list":["post-13642","post","type-post","status-publish","format-standard","has-post-thumbnail","hentry","category-news-es"],"acf":[],"wpml_current_locale":"es_ES","wpml_translations":[{"locale":"en_US","id":13546,"slug":"teldat-in-german-media-netzwoche","post_title":"Teldat Group in Netzwoche","href":"https:\/\/teldatnwp-dev.azurewebsites.net\/teldat-in-german-media-netzwoche\/"}],"_links":{"self":[{"href":"https:\/\/teldatnwp-dev.azurewebsites.net\/es\/wp-json\/wp\/v2\/posts\/13642","targetHints":{"allow":["GET"]}}],"collection":[{"href":"https:\/\/teldatnwp-dev.azurewebsites.net\/es\/wp-json\/wp\/v2\/posts"}],"about":[{"href":"https:\/\/teldatnwp-dev.azurewebsites.net\/es\/wp-json\/wp\/v2\/types\/post"}],"author":[{"embeddable":true,"href":"https:\/\/teldatnwp-dev.azurewebsites.net\/es\/wp-json\/wp\/v2\/users\/113"}],"replies":[{"embeddable":true,"href":"https:\/\/teldatnwp-dev.azurewebsites.net\/es\/wp-json\/wp\/v2\/comments?post=13642"}],"version-history":[{"count":0,"href":"https:\/\/teldatnwp-dev.azurewebsites.net\/es\/wp-json\/wp\/v2\/posts\/13642\/revisions"}],"wp:featuredmedia":[{"embeddable":true,"href":"https:\/\/teldatnwp-dev.azurewebsites.net\/es\/wp-json\/wp\/v2\/media\/46281"}],"wp:attachment":[{"href":"https:\/\/teldatnwp-dev.azurewebsites.net\/es\/wp-json\/wp\/v2\/media?parent=13642"}],"wp:term":[{"taxonomy":"category","embeddable":true,"href":"https:\/\/teldatnwp-dev.azurewebsites.net\/es\/wp-json\/wp\/v2\/categories?post=13642"},{"taxonomy":"post_tag","embeddable":true,"href":"https:\/\/teldatnwp-dev.azurewebsites.net\/es\/wp-json\/wp\/v2\/tags?post=13642"}],"curies":[{"name":"wp","href":"https:\/\/api.w.org\/{rel}","templated":true}]}}